{"id":6378,"date":"2023-05-13T19:35:14","date_gmt":"2023-05-13T17:35:14","guid":{"rendered":"https:\/\/feuerwehr-holdorf.de\/?p=6378"},"modified":"2023-05-13T19:36:03","modified_gmt":"2023-05-13T17:36:03","slug":"umzug-ins-neue-feuerwehrhaus-12-05-2023","status":"publish","type":"post","link":"https:\/\/test.feuerwehr-holdorf.de\/?p=6378","title":{"rendered":"Umzug ins neue Feuerwehrhaus \/ 12.05.2023"},"content":{"rendered":"<p>Von einem \u201ehistorischen Tag f\u00fcr die Freiwillige Feuerwehr Holdorf\u201c sprach Ortsbrandmeister Thorsten Deters am Freitagabend w\u00e4hrend seiner kurzen Ansprache. Denn es war endlich so weit: Der Neubau am Lagerweg konnte am 12.05.2023 bezogen werden. Die Kameradinnen und Kameraden der Einsatzabteilung, der Alters- und Ehrenabteilung sowie die Mitglieder der Jugendfeuerwehr marschierten nach dem Abhissen der Gemeindefahne vom alten zum neuen Feuerwehrhaus. Dort \u00fcbergab B\u00fcrgermeister Dr. Wolfgang Krug symbolisch Brot und Salz zum Einzug. &#8222;Eine Epoche schlie\u00dft ab, die von den Kameraden mit Leben gef\u00fcllt wurde. Ein Abschied mit Wehmut, trotz Freude auf das neue Feuerwehrhaus\u201c, so. Dr. Krug.<\/p>\n<p>W\u00e4hrend der Bauzeit wurden in regelm\u00e4\u00dfigen Abst\u00e4nden Aufnahmen vom Neubau erstellt. Nat\u00fcrlich durften auch zahlreiche Bilder und Videos w\u00e4hrend des Umzugs nicht fehlen. An dieser Stelle daher ein gro\u00dfes &#8222;DANKE&#8220; an alle, die uns dabei unterst\u00fctzt haben. Es ist ein kleines Video entstanden, in dem noch einmal sowohl auf den Baubeginn als auch auf den Umzug am 12.05.2023 zur\u00fcckgeblickt wird. Viel Spa\u00df beim Schauen!<\/p>\n<div style=\"width: 750px;\" class=\"wp-video\"><video class=\"wp-video-shortcode\" id=\"video-6378-1\" width=\"750\" height=\"422\" preload=\"metadata\" controls=\"controls\"><source type=\"video\/mp4\" src=\"https:\/\/feuerwehr-holdorf.de\/wp-content\/uploads\/2023\/05\/2023-05-12_Umzug_FF-Haus.mp4?_=1\" \/><a href=\"https:\/\/feuerwehr-holdorf.de\/wp-content\/uploads\/2023\/05\/2023-05-12_Umzug_FF-Haus.mp4\">https:\/\/feuerwehr-holdorf.de\/wp-content\/uploads\/2023\/05\/2023-05-12_Umzug_FF-Haus.mp4<\/a><\/video><\/div>\n<p>&nbsp;<\/p>\n","protected":false},"excerpt":{"rendered":"<p>Von einem \u201ehistorischen Tag f\u00fcr die Freiwillige Feuerwehr Holdorf\u201c sprach Ortsbrandmeister Thorsten Deters am Freitagabend w\u00e4hrend seiner kurzen Ansprache. Denn es war endlich so weit: Der Neubau am Lagerweg konnte am 12.05.2023 bezogen werden. Die Kameradinnen und Kameraden der Einsatzabteilung,<\/p>\n","protected":false},"author":2,"featured_media":6372,"comment_status":"closed","ping_status":"closed","sticky":false,"template":"","format":"standard","meta":{"ngg_post_thumbnail":0,"footnotes":""},"categories":[1],"tags":[],"class_list":["post-6378","post","type-post","status-publish","format-standard","has-post-thumbnail","hentry","category-news"],"_links":{"self":[{"href":"https:\/\/test.feuerwehr-holdorf.de\/index.php?rest_route=\/wp\/v2\/posts\/6378","targetHints":{"allow":["GET"]}}],"collection":[{"href":"https:\/\/test.feuerwehr-holdorf.de\/index.php?rest_route=\/wp\/v2\/posts"}],"about":[{"href":"https:\/\/test.feuerwehr-holdorf.de\/index.php?rest_route=\/wp\/v2\/types\/post"}],"author":[{"embeddable":true,"href":"https:\/\/test.feuerwehr-holdorf.de\/index.php?rest_route=\/wp\/v2\/users\/2"}],"replies":[{"embeddable":true,"href":"https:\/\/test.feuerwehr-holdorf.de\/index.php?rest_route=%2Fwp%2Fv2%2Fcomments&post=6378"}],"version-history":[{"count":1,"href":"https:\/\/test.feuerwehr-holdorf.de\/index.php?rest_route=\/wp\/v2\/posts\/6378\/revisions"}],"predecessor-version":[{"id":6379,"href":"https:\/\/test.feuerwehr-holdorf.de\/index.php?rest_route=\/wp\/v2\/posts\/6378\/revisions\/6379"}],"wp:featuredmedia":[{"embeddable":true,"href":"https:\/\/test.feuerwehr-holdorf.de\/index.php?rest_route=\/wp\/v2\/media\/6372"}],"wp:attachment":[{"href":"https:\/\/test.feuerwehr-holdorf.de\/index.php?rest_route=%2Fwp%2Fv2%2Fmedia&parent=6378"}],"wp:term":[{"taxonomy":"category","embeddable":true,"href":"https:\/\/test.feuerwehr-holdorf.de\/index.php?rest_route=%2Fwp%2Fv2%2Fcategories&post=6378"},{"taxonomy":"post_tag","embeddable":true,"href":"https:\/\/test.feuerwehr-holdorf.de\/index.php?rest_route=%2Fwp%2Fv2%2Ftags&post=6378"}],"curies":[{"name":"wp","href":"https:\/\/api.w.org\/{rel}","templated":true}]}}