{"id":6915,"date":"2024-03-02T19:40:10","date_gmt":"2024-03-02T18:40:10","guid":{"rendered":"https:\/\/feuerwehr-holdorf.de\/?p=6915"},"modified":"2024-03-02T19:40:10","modified_gmt":"2024-03-02T18:40:10","slug":"generalversammlung-ff-holdorf-01-03-2024","status":"publish","type":"post","link":"https:\/\/test.feuerwehr-holdorf.de\/?p=6915","title":{"rendered":"Generalversammlung FF Holdorf \/ 01.03.2024"},"content":{"rendered":"<p>Am Freitag, den 01.03.2024 fand die Generalversammlung der Feuerwehr Holdorf statt. Ortsbrandmeister Thorsten Deters begr\u00fc\u00dfte besonders den Ehrengemeindebrandmeister Norbert Nobbe, die Kameraden der Alters- und Ehrenabteilung sowie alle anwesenden Kameradinnen und Kameraden.<br \/>\nDas Jahr 2023 war laut Thorsten Deters ein ereignisreiches Jahr, welches vor allem durch den Umzug in das neue Feuerwehrhaus am Lagerweg gepr\u00e4gt war.<\/p>\n<p>Nach den Berichten der einzelnen Bereiche wurden Neuwahlen durchgef\u00fchrt. Jens Lindemann \u00fcbernimmt von nun an das Amt des Schriftf\u00fchrers von Antonia Nobbe, Lara Meyer wurde zur stv. Sicherheitsbeauftragten und stv. Zeugwartin gew\u00e4hlt. Anschlie\u00dfend kam es zur Wahl der Ortsbrandmeister. Der amtierende Ortsbrandmeister Thorsten Deters sowie sein Stellvertreter Max gr. Schlarmann standen wieder zur Wahl. Es gab keine Gegenkandidaten. Beide wurden bei der Wahl in ihren \u00c4mtern best\u00e4tigt und werden nun dem Gemeinderat als Ortsbrandmeister f\u00fcr weitere sechs Jahre vorgeschlagen.<\/p>\n<p>Weitere Infos zu Bef\u00f6rderungen, Dienststunden, Neuwahl Jugendfeuerwehrwart, etc. in drei Wochen, wenn die gemeinsame Generalversammlung mit der Feuerwehr Fladderlohausen&nbsp;stattfindet.<\/p>\n<p><img loading=\"lazy\" decoding=\"async\" class=\"aligncenter wp-image-6914\" src=\"https:\/\/feuerwehr-holdorf.de\/wp-content\/uploads\/2024\/03\/IMG_8641-scaled.jpg\" alt=\"\" width=\"1280\" height=\"905\" srcset=\"https:\/\/test.feuerwehr-holdorf.de\/wp-content\/uploads\/2024\/03\/IMG_8641-scaled.jpg 2560w, https:\/\/test.feuerwehr-holdorf.de\/wp-content\/uploads\/2024\/03\/IMG_8641-300x212.jpg 300w, https:\/\/test.feuerwehr-holdorf.de\/wp-content\/uploads\/2024\/03\/IMG_8641-975x689.jpg 975w, https:\/\/test.feuerwehr-holdorf.de\/wp-content\/uploads\/2024\/03\/IMG_8641-768x543.jpg 768w, https:\/\/test.feuerwehr-holdorf.de\/wp-content\/uploads\/2024\/03\/IMG_8641-1536x1086.jpg 1536w, https:\/\/test.feuerwehr-holdorf.de\/wp-content\/uploads\/2024\/03\/IMG_8641-2048x1448.jpg 2048w\" sizes=\"auto, (max-width: 1280px) 100vw, 1280px\" \/><\/p>\n","protected":false},"excerpt":{"rendered":"<p>Am Freitag, den 01.03.2024 fand die Generalversammlung der Feuerwehr Holdorf statt. Ortsbrandmeister Thorsten Deters begr\u00fc\u00dfte besonders den Ehrengemeindebrandmeister Norbert Nobbe, die Kameraden der Alters- und Ehrenabteilung sowie alle anwesenden Kameradinnen und Kameraden. Das Jahr 2023 war laut Thorsten Deters ein<\/p>\n","protected":false},"author":2,"featured_media":6914,"comment_status":"closed","ping_status":"closed","sticky":false,"template":"","format":"standard","meta":{"ngg_post_thumbnail":0,"footnotes":""},"categories":[1],"tags":[],"class_list":["post-6915","post","type-post","status-publish","format-standard","has-post-thumbnail","hentry","category-news"],"_links":{"self":[{"href":"https:\/\/test.feuerwehr-holdorf.de\/index.php?rest_route=\/wp\/v2\/posts\/6915","targetHints":{"allow":["GET"]}}],"collection":[{"href":"https:\/\/test.feuerwehr-holdorf.de\/index.php?rest_route=\/wp\/v2\/posts"}],"about":[{"href":"https:\/\/test.feuerwehr-holdorf.de\/index.php?rest_route=\/wp\/v2\/types\/post"}],"author":[{"embeddable":true,"href":"https:\/\/test.feuerwehr-holdorf.de\/index.php?rest_route=\/wp\/v2\/users\/2"}],"replies":[{"embeddable":true,"href":"https:\/\/test.feuerwehr-holdorf.de\/index.php?rest_route=%2Fwp%2Fv2%2Fcomments&post=6915"}],"version-history":[{"count":1,"href":"https:\/\/test.feuerwehr-holdorf.de\/index.php?rest_route=\/wp\/v2\/posts\/6915\/revisions"}],"predecessor-version":[{"id":6916,"href":"https:\/\/test.feuerwehr-holdorf.de\/index.php?rest_route=\/wp\/v2\/posts\/6915\/revisions\/6916"}],"wp:featuredmedia":[{"embeddable":true,"href":"https:\/\/test.feuerwehr-holdorf.de\/index.php?rest_route=\/wp\/v2\/media\/6914"}],"wp:attachment":[{"href":"https:\/\/test.feuerwehr-holdorf.de\/index.php?rest_route=%2Fwp%2Fv2%2Fmedia&parent=6915"}],"wp:term":[{"taxonomy":"category","embeddable":true,"href":"https:\/\/test.feuerwehr-holdorf.de\/index.php?rest_route=%2Fwp%2Fv2%2Fcategories&post=6915"},{"taxonomy":"post_tag","embeddable":true,"href":"https:\/\/test.feuerwehr-holdorf.de\/index.php?rest_route=%2Fwp%2Fv2%2Ftags&post=6915"}],"curies":[{"name":"wp","href":"https:\/\/api.w.org\/{rel}","templated":true}]}}