{"id":7785,"date":"2025-12-23T07:15:22","date_gmt":"2025-12-23T06:15:22","guid":{"rendered":"https:\/\/feuerwehr-holdorf.de\/?p=7785"},"modified":"2025-12-23T07:15:22","modified_gmt":"2025-12-23T06:15:22","slug":"verkehrsunfall-22-12-2025","status":"publish","type":"post","link":"https:\/\/test.feuerwehr-holdorf.de\/?p=7785","title":{"rendered":"Verkehrsunfall \/ 22.12.2025"},"content":{"rendered":"<p>Um 20:48 Uhr wurde die Feuerwehr Holdorf zu einem Verkehrsunfall alarmiert \u2013 gemeldet war eine im Pkw eingeschlossene Person. Beim Eintreffen an der Einsatzstelle stellte sich die Lage so dar, dass der Pkw von der Stra\u00dfe abgekommen und auf der Seite liegend auf der Fahrbahn zum Stehen gekommen war. Die betroffene Person war gl\u00fccklicherweise bereits vor dem Eintreffen der Einsatzkr\u00e4fte aus dem Fahrzeug befreit worden.<\/p>\n<p>Die Aufgaben der Feuerwehr umfassten daher das Batteriemanagement am verunfallten Fahrzeug sowie die Absicherung der Einsatzstelle. Im Einsatz waren ELW 1, HLF 1, HLF 2 und das TLF. Zus\u00e4tzlich befanden sich ein RTW der Malteser sowie die Polizei vor Ort.<\/p>\n<p><img loading=\"lazy\" decoding=\"async\" class=\"aligncenter wp-image-7784\" src=\"https:\/\/feuerwehr-holdorf.de\/wp-content\/uploads\/2025\/12\/IMG_6759-scaled.jpeg\" alt=\"\" width=\"1600\" height=\"901\" srcset=\"https:\/\/test.feuerwehr-holdorf.de\/wp-content\/uploads\/2025\/12\/IMG_6759-scaled.jpeg 2560w, https:\/\/test.feuerwehr-holdorf.de\/wp-content\/uploads\/2025\/12\/IMG_6759-300x169.jpeg 300w, https:\/\/test.feuerwehr-holdorf.de\/wp-content\/uploads\/2025\/12\/IMG_6759-975x549.jpeg 975w, https:\/\/test.feuerwehr-holdorf.de\/wp-content\/uploads\/2025\/12\/IMG_6759-768x432.jpeg 768w, https:\/\/test.feuerwehr-holdorf.de\/wp-content\/uploads\/2025\/12\/IMG_6759-1536x865.jpeg 1536w, https:\/\/test.feuerwehr-holdorf.de\/wp-content\/uploads\/2025\/12\/IMG_6759-2048x1153.jpeg 2048w\" sizes=\"auto, (max-width: 1600px) 100vw, 1600px\" \/><\/p>\n","protected":false},"excerpt":{"rendered":"<p>Um 20:48 Uhr wurde die Feuerwehr Holdorf zu einem Verkehrsunfall alarmiert \u2013 gemeldet war eine im Pkw eingeschlossene Person. Beim Eintreffen an der Einsatzstelle stellte sich die Lage so dar, dass der Pkw von der Stra\u00dfe abgekommen und auf der<\/p>\n","protected":false},"author":2,"featured_media":7784,"comment_status":"closed","ping_status":"closed","sticky":false,"template":"","format":"standard","meta":{"ngg_post_thumbnail":0,"footnotes":""},"categories":[52],"tags":[],"class_list":["post-7785","post","type-post","status-publish","format-standard","has-post-thumbnail","hentry","category-einsaetze"],"_links":{"self":[{"href":"https:\/\/test.feuerwehr-holdorf.de\/index.php?rest_route=\/wp\/v2\/posts\/7785","targetHints":{"allow":["GET"]}}],"collection":[{"href":"https:\/\/test.feuerwehr-holdorf.de\/index.php?rest_route=\/wp\/v2\/posts"}],"about":[{"href":"https:\/\/test.feuerwehr-holdorf.de\/index.php?rest_route=\/wp\/v2\/types\/post"}],"author":[{"embeddable":true,"href":"https:\/\/test.feuerwehr-holdorf.de\/index.php?rest_route=\/wp\/v2\/users\/2"}],"replies":[{"embeddable":true,"href":"https:\/\/test.feuerwehr-holdorf.de\/index.php?rest_route=%2Fwp%2Fv2%2Fcomments&post=7785"}],"version-history":[{"count":1,"href":"https:\/\/test.feuerwehr-holdorf.de\/index.php?rest_route=\/wp\/v2\/posts\/7785\/revisions"}],"predecessor-version":[{"id":7786,"href":"https:\/\/test.feuerwehr-holdorf.de\/index.php?rest_route=\/wp\/v2\/posts\/7785\/revisions\/7786"}],"wp:featuredmedia":[{"embeddable":true,"href":"https:\/\/test.feuerwehr-holdorf.de\/index.php?rest_route=\/wp\/v2\/media\/7784"}],"wp:attachment":[{"href":"https:\/\/test.feuerwehr-holdorf.de\/index.php?rest_route=%2Fwp%2Fv2%2Fmedia&parent=7785"}],"wp:term":[{"taxonomy":"category","embeddable":true,"href":"https:\/\/test.feuerwehr-holdorf.de\/index.php?rest_route=%2Fwp%2Fv2%2Fcategories&post=7785"},{"taxonomy":"post_tag","embeddable":true,"href":"https:\/\/test.feuerwehr-holdorf.de\/index.php?rest_route=%2Fwp%2Fv2%2Ftags&post=7785"}],"curies":[{"name":"wp","href":"https:\/\/api.w.org\/{rel}","templated":true}]}}